{"id":311,"date":"2013-04-29T01:08:20","date_gmt":"2013-04-28T23:08:20","guid":{"rendered":"https:\/\/www.sigigrabner.com\/?p=311"},"modified":"2020-05-07T11:11:49","modified_gmt":"2020-05-07T09:11:49","slug":"projekt-riding-to-sochi-tag-01-28-april-2013","status":"publish","type":"post","link":"https:\/\/www.sigigrabner.com\/en\/2013\/04\/29\/projekt-riding-to-sochi-tag-01-28-april-2013\/","title":{"rendered":"PROJECT &#8220;RIDING TO SOCHI&#8221; 01. &#8211; 28. APRIL 2013"},"content":{"rendered":"<p><b id=\"docs-internal-guid-64b549f1-52e6-c941-dd9c-092321a4c34c\">125km Strecke \u2013 1600 H\u00f6henmeter &#8211; Anfahrt zum Treffpunkt am Toblacher Feld \u00fcber die Pustertaler H\u00f6henstra\u00dfe \u2013 Toblach \u2013 Innichen \u2013 Sillian \u2013 Lienz <\/b><\/p>\n<p>Die Tour ist f\u00fcr mich heute losgegangen. Die Anfahrt zum Treffpunkt mit den drei S\u00fcdtiroler Kollegen Roland Fischnaller, Aaron March und Erich Pramsohler habe ich \u00fcber die Pustertaler H\u00f6henstra\u00dfe gemacht. Das wird diesmal wohl meine einzige Bergetappe sein, weil der Rest ja nur bergab geht&#8230; \u00a0jedenfalls sind keine steilen P\u00e4sse oder Anstiege bis zum Schwarzen Meer dabei. Ich fahre gern Bergetappen und f\u00fcr mich ist die Pustertaler H\u00f6henstra\u00dfe die sch\u00f6nste in \u00d6sterreich. Du f\u00e4hrst in einem herrlichen Panorama, es ist anspruchsvoll, ein paar steile Rampen sind dabei, es ist eine tolle Strecke! Dazu kommt heute auch Wettergl\u00fcck \u2013 ein perfekter Fr\u00fchlingstag, und alles das macht mir einen guten Spirit, um das \u201eRiding To Sochi\u201c Projekt zu starten.<!--more--><\/p>\n<p><a href=\"https:\/\/www.sigigrabner.com\/wp-content\/uploads\/2013\/04\/riding-to-sochi-01.jpg\"><img data-aspectratio=\"300\/222\" src=\"data:image\/gif;base64,R0lGODlhAQABAIAAAAAAAP\/\/\/yH5BAEAAAAALAAAAAABAAEAAAIBRAA7\" decoding=\"async\" class=\"size-medium wp-image-316 aligncenter lazyload\" data-src=\"https:\/\/www.sigigrabner.com\/wp-content\/uploads\/2013\/04\/riding-to-sochi-01-300x222.jpg\" alt=\"riding-to-sochi-01\" width=\"300\" height=\"222\" \/><\/a><\/p>\n<p style=\"text-align: left;\">Dann bin ich bei den Drauquellen. In der Schule haben wir gelernt \u201edie Drau entspringt am Toblacher Feld\u201c &#8211; jetzt bin ich zum erstenmal an diesem Ort., den jedes K\u00e4rntner Schulkind kennt. Der Ort beeindruckt, hier ist eine europ\u00e4ische Wasserscheide \u2013 die Fl\u00fcsse auf der einen Seite flie\u00dfen ins Mittelmeer, und alles ab hier flie\u00dft zum Schwarzen Meer. Unser K\u00e4rntner Flu\u00df ist hier noch ein Bachl, und hat einen weiten Weg vor sich, bis er in die Donau und weiter ins Schwarze Meer flie\u00dft.<\/p>\n<p><a href=\"https:\/\/www.sigigrabner.com\/wp-content\/uploads\/2013\/04\/riding-to-sochi-03.jpg\"><img data-aspectratio=\"300\/277\" src=\"data:image\/gif;base64,R0lGODlhAQABAIAAAAAAAP\/\/\/yH5BAEAAAAALAAAAAABAAEAAAIBRAA7\" decoding=\"async\" class=\"size-medium wp-image-318 aligncenter lazyload\" data-src=\"https:\/\/www.sigigrabner.com\/wp-content\/uploads\/2013\/04\/riding-to-sochi-03-300x277.jpg\" alt=\"riding-to-sochi-03\" width=\"300\" height=\"277\" \/><\/a><\/p>\n<p>Ich bin viel zu fr\u00fch am Treffpunkt, die S\u00fcdtiroler Kollegen sind in Villn\u00f6\u00df gestartet und haben in Bruneck gerastet, sie brauchen noch eine Zeitlang. Ich gehe also derweil auf \u201eun cafe e un strudel di mele\u201c in die B\u00e4ckerei in Toblach. Nach zwei Stunden sind auch die S\u00fcdtiroler zugegen und wir rollen gem\u00fctlich aus bis nach Lienz. Dabei haben mir meine GORE BIKE WEAR \u00c4rmlinge und Beinlinge den Tag gerettet, denn die Temperaturen waren dann doch nicht mehr so fr\u00fchlingshaft<\/p>\n<p><a href=\"https:\/\/www.sigigrabner.com\/wp-content\/uploads\/2013\/04\/riding-to-sochi-04.jpg\"><img data-aspectratio=\"250\/300\" src=\"data:image\/gif;base64,R0lGODlhAQABAIAAAAAAAP\/\/\/yH5BAEAAAAALAAAAAABAAEAAAIBRAA7\" decoding=\"async\" class=\"size-medium wp-image-314 aligncenter lazyload\" data-src=\"https:\/\/www.sigigrabner.com\/wp-content\/uploads\/2013\/04\/riding-to-sochi-04-250x300.jpg\" alt=\"riding-to-sochi-04\" width=\"250\" height=\"300\" \/><\/a><\/p>\n<p>F\u00fcr eine Auftaktetappe war das heute gerade recht &#8211; \u201enur nit zu wilde\u201c.<\/p>\n<p>&nbsp;<\/p>\n<p><a href=\"https:\/\/www.sigigrabner.com\/wp-content\/uploads\/2013\/04\/riding-to-sochi-05.jpg\"><img data-aspectratio=\"300\/202\" src=\"data:image\/gif;base64,R0lGODlhAQABAIAAAAAAAP\/\/\/yH5BAEAAAAALAAAAAABAAEAAAIBRAA7\" decoding=\"async\" class=\"size-medium wp-image-315 aligncenter lazyload\" data-src=\"https:\/\/www.sigigrabner.com\/wp-content\/uploads\/2013\/04\/riding-to-sochi-05-300x202.jpg\" alt=\"riding-to-sochi-05\" width=\"300\" height=\"202\" \/><\/a><\/p>\n","protected":false},"excerpt":{"rendered":"<p>125km Strecke \u2013 1600 H\u00f6henmeter &#8211; Anfahrt zum Treffpunkt am Toblacher Feld \u00fcber die Pustertaler H\u00f6henstra\u00dfe \u2013 Toblach \u2013 Innichen \u2013 Sillian \u2013 Lienz Die Tour ist f\u00fcr mich heute losgegangen. Die Anfahrt zum Treffpunkt mit den drei S\u00fcdtiroler Kollegen Roland Fischnaller, Aaron March und Erich Pramsohler habe ich \u00fcber die Pustertaler H\u00f6henstra\u00dfe gemacht. Das [&hellip;]<\/p>\n","protected":false},"author":2,"featured_media":317,"comment_status":"closed","ping_status":"open","sticky":false,"template":"","format":"standard","meta":{"_acf_changed":false,"footnotes":""},"categories":[1,41,4],"tags":[60],"class_list":["post-311","post","type-post","status-publish","format-standard","has-post-thumbnail","hentry","category-allgemein","category-archiv","category-riding-to-sochi-en","tag-riding-to-sochi"],"acf":[],"yoast_head":"<!-- This site is optimized with the Yoast SEO plugin v27.4 - https:\/\/yoast.com\/product\/yoast-seo-wordpress\/ -->\n<title>PROJECT &quot;RIDING TO SOCHI&quot; 01. - 28. APRIL 2013 - Sigi Grabner<\/title>\n<meta name=\"robots\" content=\"index, follow, max-snippet:-1, max-image-preview:large, max-video-preview:-1\" \/>\n<link rel=\"canonical\" href=\"https:\/\/www.sigigrabner.com\/en\/2013\/04\/29\/projekt-riding-to-sochi-tag-01-28-april-2013\/\" \/>\n<meta property=\"og:locale\" content=\"en_US\" \/>\n<meta property=\"og:type\" content=\"article\" \/>\n<meta property=\"og:title\" content=\"PROJECT &quot;RIDING TO SOCHI&quot; 01. - 28. APRIL 2013 - Sigi Grabner\" \/>\n<meta property=\"og:description\" content=\"125km Strecke \u2013 1600 H\u00f6henmeter &#8211; Anfahrt zum Treffpunkt am Toblacher Feld \u00fcber die Pustertaler H\u00f6henstra\u00dfe \u2013 Toblach \u2013 Innichen \u2013 Sillian \u2013 Lienz Die Tour ist f\u00fcr mich heute losgegangen. Die Anfahrt zum Treffpunkt mit den drei S\u00fcdtiroler Kollegen Roland Fischnaller, Aaron March und Erich Pramsohler habe ich \u00fcber die Pustertaler H\u00f6henstra\u00dfe gemacht. Das [&hellip;]\" \/>\n<meta property=\"og:url\" content=\"https:\/\/www.sigigrabner.com\/en\/2013\/04\/29\/projekt-riding-to-sochi-tag-01-28-april-2013\/\" \/>\n<meta property=\"og:site_name\" content=\"Sigi Grabner\" \/>\n<meta property=\"article:published_time\" content=\"2013-04-28T23:08:20+00:00\" \/>\n<meta property=\"article:modified_time\" content=\"2020-05-07T09:11:49+00:00\" \/>\n<meta property=\"og:image\" content=\"https:\/\/www.sigigrabner.com\/wp-content\/uploads\/riding-to-sochi-02.jpg\" \/>\n\t<meta property=\"og:image:width\" content=\"1441\" \/>\n\t<meta property=\"og:image:height\" content=\"854\" \/>\n\t<meta property=\"og:image:type\" content=\"image\/jpeg\" \/>\n<meta name=\"author\" content=\"sigigrabner\" \/>\n<meta name=\"twitter:card\" content=\"summary_large_image\" \/>\n<meta name=\"twitter:label1\" content=\"Written by\" \/>\n\t<meta name=\"twitter:data1\" content=\"sigigrabner\" \/>\n\t<meta name=\"twitter:label2\" content=\"Est. reading time\" \/>\n\t<meta name=\"twitter:data2\" content=\"2 minutes\" \/>\n<script type=\"application\/ld+json\" class=\"yoast-schema-graph\">{\"@context\":\"https:\\\/\\\/schema.org\",\"@graph\":[{\"@type\":\"Article\",\"@id\":\"https:\\\/\\\/www.sigigrabner.com\\\/en\\\/2013\\\/04\\\/29\\\/projekt-riding-to-sochi-tag-01-28-april-2013\\\/#article\",\"isPartOf\":{\"@id\":\"https:\\\/\\\/www.sigigrabner.com\\\/en\\\/2013\\\/04\\\/29\\\/projekt-riding-to-sochi-tag-01-28-april-2013\\\/\"},\"author\":{\"name\":\"sigigrabner\",\"@id\":\"https:\\\/\\\/www.sigigrabner.com\\\/#\\\/schema\\\/person\\\/c22f12b4ad1dfe394f25080ecede0441\"},\"headline\":\"PROJECT &#8220;RIDING TO SOCHI&#8221; 01. &#8211; 28. APRIL 2013\",\"datePublished\":\"2013-04-28T23:08:20+00:00\",\"dateModified\":\"2020-05-07T09:11:49+00:00\",\"mainEntityOfPage\":{\"@id\":\"https:\\\/\\\/www.sigigrabner.com\\\/en\\\/2013\\\/04\\\/29\\\/projekt-riding-to-sochi-tag-01-28-april-2013\\\/\"},\"wordCount\":355,\"image\":{\"@id\":\"https:\\\/\\\/www.sigigrabner.com\\\/en\\\/2013\\\/04\\\/29\\\/projekt-riding-to-sochi-tag-01-28-april-2013\\\/#primaryimage\"},\"thumbnailUrl\":\"https:\\\/\\\/www.sigigrabner.com\\\/wp-content\\\/uploads\\\/riding-to-sochi-02.jpg\",\"keywords\":[\"riding to sochi\"],\"articleSection\":[\"Allgemein\",\"Archive\",\"Riding To Sochi\"],\"inLanguage\":\"en-US\"},{\"@type\":\"WebPage\",\"@id\":\"https:\\\/\\\/www.sigigrabner.com\\\/en\\\/2013\\\/04\\\/29\\\/projekt-riding-to-sochi-tag-01-28-april-2013\\\/\",\"url\":\"https:\\\/\\\/www.sigigrabner.com\\\/en\\\/2013\\\/04\\\/29\\\/projekt-riding-to-sochi-tag-01-28-april-2013\\\/\",\"name\":\"PROJECT \\\"RIDING TO SOCHI\\\" 01. - 28. APRIL 2013 - Sigi Grabner\",\"isPartOf\":{\"@id\":\"https:\\\/\\\/www.sigigrabner.com\\\/en\\\/#website\"},\"primaryImageOfPage\":{\"@id\":\"https:\\\/\\\/www.sigigrabner.com\\\/en\\\/2013\\\/04\\\/29\\\/projekt-riding-to-sochi-tag-01-28-april-2013\\\/#primaryimage\"},\"image\":{\"@id\":\"https:\\\/\\\/www.sigigrabner.com\\\/en\\\/2013\\\/04\\\/29\\\/projekt-riding-to-sochi-tag-01-28-april-2013\\\/#primaryimage\"},\"thumbnailUrl\":\"https:\\\/\\\/www.sigigrabner.com\\\/wp-content\\\/uploads\\\/riding-to-sochi-02.jpg\",\"datePublished\":\"2013-04-28T23:08:20+00:00\",\"dateModified\":\"2020-05-07T09:11:49+00:00\",\"author\":{\"@id\":\"https:\\\/\\\/www.sigigrabner.com\\\/#\\\/schema\\\/person\\\/c22f12b4ad1dfe394f25080ecede0441\"},\"breadcrumb\":{\"@id\":\"https:\\\/\\\/www.sigigrabner.com\\\/en\\\/2013\\\/04\\\/29\\\/projekt-riding-to-sochi-tag-01-28-april-2013\\\/#breadcrumb\"},\"inLanguage\":\"en-US\",\"potentialAction\":[{\"@type\":\"ReadAction\",\"target\":[[\"https:\\\/\\\/www.sigigrabner.com\\\/en\\\/2013\\\/04\\\/29\\\/projekt-riding-to-sochi-tag-01-28-april-2013\\\/\"]]}]},{\"@type\":\"ImageObject\",\"inLanguage\":\"en-US\",\"@id\":\"https:\\\/\\\/www.sigigrabner.com\\\/en\\\/2013\\\/04\\\/29\\\/projekt-riding-to-sochi-tag-01-28-april-2013\\\/#primaryimage\",\"url\":\"https:\\\/\\\/www.sigigrabner.com\\\/wp-content\\\/uploads\\\/riding-to-sochi-02.jpg\",\"contentUrl\":\"https:\\\/\\\/www.sigigrabner.com\\\/wp-content\\\/uploads\\\/riding-to-sochi-02.jpg\",\"width\":1441,\"height\":854,\"caption\":\"SIGI GRABNER riding to Sochi - Pic: private\"},{\"@type\":\"BreadcrumbList\",\"@id\":\"https:\\\/\\\/www.sigigrabner.com\\\/en\\\/2013\\\/04\\\/29\\\/projekt-riding-to-sochi-tag-01-28-april-2013\\\/#breadcrumb\",\"itemListElement\":[{\"@type\":\"ListItem\",\"position\":1,\"name\":\"Startseite\",\"item\":\"https:\\\/\\\/www.sigigrabner.com\\\/en\\\/\"},{\"@type\":\"ListItem\",\"position\":2,\"name\":\"PROJECT &#8220;RIDING TO SOCHI&#8221; 01. &#8211; 28. APRIL 2013\"}]},{\"@type\":\"WebSite\",\"@id\":\"https:\\\/\\\/www.sigigrabner.com\\\/en\\\/#website\",\"url\":\"https:\\\/\\\/www.sigigrabner.com\\\/en\\\/\",\"name\":\"Sigi Grabner\",\"description\":\"Snowboarder with passion\",\"potentialAction\":[{\"@type\":\"SearchAction\",\"target\":{\"@type\":\"EntryPoint\",\"urlTemplate\":\"https:\\\/\\\/www.sigigrabner.com\\\/en\\\/?s={search_term_string}\"},\"query-input\":{\"@type\":\"PropertyValueSpecification\",\"valueRequired\":true,\"valueName\":\"search_term_string\"}}],\"inLanguage\":\"en-US\"},{\"@type\":\"Person\",\"@id\":\"https:\\\/\\\/www.sigigrabner.com\\\/#\\\/schema\\\/person\\\/c22f12b4ad1dfe394f25080ecede0441\",\"name\":\"sigigrabner\",\"url\":\"https:\\\/\\\/www.sigigrabner.com\\\/en\\\/author\\\/sigigrabner\\\/\"}]}<\/script>\n<!-- \/ Yoast SEO plugin. -->","yoast_head_json":{"title":"PROJECT \"RIDING TO SOCHI\" 01. - 28. APRIL 2013 - Sigi Grabner","robots":{"index":"index","follow":"follow","max-snippet":"max-snippet:-1","max-image-preview":"max-image-preview:large","max-video-preview":"max-video-preview:-1"},"canonical":"https:\/\/www.sigigrabner.com\/en\/2013\/04\/29\/projekt-riding-to-sochi-tag-01-28-april-2013\/","og_locale":"en_US","og_type":"article","og_title":"PROJECT \"RIDING TO SOCHI\" 01. - 28. APRIL 2013 - Sigi Grabner","og_description":"125km Strecke \u2013 1600 H\u00f6henmeter &#8211; Anfahrt zum Treffpunkt am Toblacher Feld \u00fcber die Pustertaler H\u00f6henstra\u00dfe \u2013 Toblach \u2013 Innichen \u2013 Sillian \u2013 Lienz Die Tour ist f\u00fcr mich heute losgegangen. Die Anfahrt zum Treffpunkt mit den drei S\u00fcdtiroler Kollegen Roland Fischnaller, Aaron March und Erich Pramsohler habe ich \u00fcber die Pustertaler H\u00f6henstra\u00dfe gemacht. Das [&hellip;]","og_url":"https:\/\/www.sigigrabner.com\/en\/2013\/04\/29\/projekt-riding-to-sochi-tag-01-28-april-2013\/","og_site_name":"Sigi Grabner","article_published_time":"2013-04-28T23:08:20+00:00","article_modified_time":"2020-05-07T09:11:49+00:00","og_image":[{"width":1441,"height":854,"url":"https:\/\/www.sigigrabner.com\/wp-content\/uploads\/riding-to-sochi-02.jpg","type":"image\/jpeg"}],"author":"sigigrabner","twitter_card":"summary_large_image","twitter_misc":{"Written by":"sigigrabner","Est. reading time":"2 minutes"},"schema":{"@context":"https:\/\/schema.org","@graph":[{"@type":"Article","@id":"https:\/\/www.sigigrabner.com\/en\/2013\/04\/29\/projekt-riding-to-sochi-tag-01-28-april-2013\/#article","isPartOf":{"@id":"https:\/\/www.sigigrabner.com\/en\/2013\/04\/29\/projekt-riding-to-sochi-tag-01-28-april-2013\/"},"author":{"name":"sigigrabner","@id":"https:\/\/www.sigigrabner.com\/#\/schema\/person\/c22f12b4ad1dfe394f25080ecede0441"},"headline":"PROJECT &#8220;RIDING TO SOCHI&#8221; 01. &#8211; 28. APRIL 2013","datePublished":"2013-04-28T23:08:20+00:00","dateModified":"2020-05-07T09:11:49+00:00","mainEntityOfPage":{"@id":"https:\/\/www.sigigrabner.com\/en\/2013\/04\/29\/projekt-riding-to-sochi-tag-01-28-april-2013\/"},"wordCount":355,"image":{"@id":"https:\/\/www.sigigrabner.com\/en\/2013\/04\/29\/projekt-riding-to-sochi-tag-01-28-april-2013\/#primaryimage"},"thumbnailUrl":"https:\/\/www.sigigrabner.com\/wp-content\/uploads\/riding-to-sochi-02.jpg","keywords":["riding to sochi"],"articleSection":["Allgemein","Archive","Riding To Sochi"],"inLanguage":"en-US"},{"@type":"WebPage","@id":"https:\/\/www.sigigrabner.com\/en\/2013\/04\/29\/projekt-riding-to-sochi-tag-01-28-april-2013\/","url":"https:\/\/www.sigigrabner.com\/en\/2013\/04\/29\/projekt-riding-to-sochi-tag-01-28-april-2013\/","name":"PROJECT \"RIDING TO SOCHI\" 01. - 28. APRIL 2013 - Sigi Grabner","isPartOf":{"@id":"https:\/\/www.sigigrabner.com\/en\/#website"},"primaryImageOfPage":{"@id":"https:\/\/www.sigigrabner.com\/en\/2013\/04\/29\/projekt-riding-to-sochi-tag-01-28-april-2013\/#primaryimage"},"image":{"@id":"https:\/\/www.sigigrabner.com\/en\/2013\/04\/29\/projekt-riding-to-sochi-tag-01-28-april-2013\/#primaryimage"},"thumbnailUrl":"https:\/\/www.sigigrabner.com\/wp-content\/uploads\/riding-to-sochi-02.jpg","datePublished":"2013-04-28T23:08:20+00:00","dateModified":"2020-05-07T09:11:49+00:00","author":{"@id":"https:\/\/www.sigigrabner.com\/#\/schema\/person\/c22f12b4ad1dfe394f25080ecede0441"},"breadcrumb":{"@id":"https:\/\/www.sigigrabner.com\/en\/2013\/04\/29\/projekt-riding-to-sochi-tag-01-28-april-2013\/#breadcrumb"},"inLanguage":"en-US","potentialAction":[{"@type":"ReadAction","target":[["https:\/\/www.sigigrabner.com\/en\/2013\/04\/29\/projekt-riding-to-sochi-tag-01-28-april-2013\/"]]}]},{"@type":"ImageObject","inLanguage":"en-US","@id":"https:\/\/www.sigigrabner.com\/en\/2013\/04\/29\/projekt-riding-to-sochi-tag-01-28-april-2013\/#primaryimage","url":"https:\/\/www.sigigrabner.com\/wp-content\/uploads\/riding-to-sochi-02.jpg","contentUrl":"https:\/\/www.sigigrabner.com\/wp-content\/uploads\/riding-to-sochi-02.jpg","width":1441,"height":854,"caption":"SIGI GRABNER riding to Sochi - Pic: private"},{"@type":"BreadcrumbList","@id":"https:\/\/www.sigigrabner.com\/en\/2013\/04\/29\/projekt-riding-to-sochi-tag-01-28-april-2013\/#breadcrumb","itemListElement":[{"@type":"ListItem","position":1,"name":"Startseite","item":"https:\/\/www.sigigrabner.com\/en\/"},{"@type":"ListItem","position":2,"name":"PROJECT &#8220;RIDING TO SOCHI&#8221; 01. &#8211; 28. APRIL 2013"}]},{"@type":"WebSite","@id":"https:\/\/www.sigigrabner.com\/en\/#website","url":"https:\/\/www.sigigrabner.com\/en\/","name":"Sigi Grabner","description":"Snowboarder with passion","potentialAction":[{"@type":"SearchAction","target":{"@type":"EntryPoint","urlTemplate":"https:\/\/www.sigigrabner.com\/en\/?s={search_term_string}"},"query-input":{"@type":"PropertyValueSpecification","valueRequired":true,"valueName":"search_term_string"}}],"inLanguage":"en-US"},{"@type":"Person","@id":"https:\/\/www.sigigrabner.com\/#\/schema\/person\/c22f12b4ad1dfe394f25080ecede0441","name":"sigigrabner","url":"https:\/\/www.sigigrabner.com\/en\/author\/sigigrabner\/"}]}},"_links":{"self":[{"href":"https:\/\/www.sigigrabner.com\/en\/wp-json\/wp\/v2\/posts\/311","targetHints":{"allow":["GET"]}}],"collection":[{"href":"https:\/\/www.sigigrabner.com\/en\/wp-json\/wp\/v2\/posts"}],"about":[{"href":"https:\/\/www.sigigrabner.com\/en\/wp-json\/wp\/v2\/types\/post"}],"author":[{"embeddable":true,"href":"https:\/\/www.sigigrabner.com\/en\/wp-json\/wp\/v2\/users\/2"}],"replies":[{"embeddable":true,"href":"https:\/\/www.sigigrabner.com\/en\/wp-json\/wp\/v2\/comments?post=311"}],"version-history":[{"count":2,"href":"https:\/\/www.sigigrabner.com\/en\/wp-json\/wp\/v2\/posts\/311\/revisions"}],"predecessor-version":[{"id":2108,"href":"https:\/\/www.sigigrabner.com\/en\/wp-json\/wp\/v2\/posts\/311\/revisions\/2108"}],"wp:featuredmedia":[{"embeddable":true,"href":"https:\/\/www.sigigrabner.com\/en\/wp-json\/wp\/v2\/media\/317"}],"wp:attachment":[{"href":"https:\/\/www.sigigrabner.com\/en\/wp-json\/wp\/v2\/media?parent=311"}],"wp:term":[{"taxonomy":"category","embeddable":true,"href":"https:\/\/www.sigigrabner.com\/en\/wp-json\/wp\/v2\/categories?post=311"},{"taxonomy":"post_tag","embeddable":true,"href":"https:\/\/www.sigigrabner.com\/en\/wp-json\/wp\/v2\/tags?post=311"}],"curies":[{"name":"wp","href":"https:\/\/api.w.org\/{rel}","templated":true}]}}