{"id":329,"date":"2013-04-30T07:49:23","date_gmt":"2013-04-30T05:49:23","guid":{"rendered":"https:\/\/www.sigigrabner.com\/?p=329"},"modified":"2020-05-07T11:51:05","modified_gmt":"2020-05-07T09:51:05","slug":"tag-02-wettergluck-und-anderes-mehr","status":"publish","type":"post","link":"https:\/\/www.sigigrabner.com\/en\/2013\/04\/30\/tag-02-wettergluck-und-anderes-mehr\/","title":{"rendered":"TAG 02: WETTERGL\u00dcCK UND ANDERES MEHR"},"content":{"rendered":"<p>220km Strecke in \u00d6sterreich,\u00a0Lienz \u2013 Villach \u2013 Velden \u2013 W\u00f6rthersee \u2013 Bodental \u2013 Bleiburg\/Pliberk<\/p>\n<p>Wir starten heute um 9h in Lienz vor dem SG Snowboards Firmenb\u00fcro &#8211; seit 6 Uhr auf den Beinen, nur wenig Schlaf \u2013 alles einpacken, nichts vergessen, letzter Check \u2013 RepairKit f\u00fcr das Fahrrad, Reserveschl\u00e4uche, eine zweite Laufradgarnitur, Werkzeug, gute Fahrradw\u00e4sche f\u00fcr jedes Wetter ist wichtig, Telefon, Feuerzeug, mein Fr\u00fchst\u00fccksm\u00fcsli (sorry Leute das muss sein) \u2013 und das wichtigste, Kreditkarte, der Pass, ein Funkset, damit wir uns mit unserem Begleitbus verstaendigen koennen, wo\u2019s kein Netz gibt..<\/p>\n<p><!--more--><\/p>\n<p>Regen die ganze Nacht, der aber kurz vor unserer Abfahrt aufh\u00f6rt, so sind wir bei trockener Strasse unterwegs. Das Drautal hinunter bis Villach, die ganze Strecke h\u00e4ngen dunkle Wolken \u00fcber uns, aber kein Tropfen Regen, oh Wunder! Das Wetter wird immer besser, je weiter hinein wir nach K\u00e4rnten kommen&#8230;&#8230; eh klar.<\/p>\n<p><a href=\"https:\/\/www.sigigrabner.com\/wp-content\/uploads\/2013\/04\/1Woerthersee.jpeg\"><img data-aspectratio=\"300\/199\" src=\"data:image\/gif;base64,R0lGODlhAQABAIAAAAAAAP\/\/\/yH5BAEAAAAALAAAAAABAAEAAAIBRAA7\" decoding=\"async\" class=\"size-medium wp-image-331 aligncenter lazyload\" data-src=\"https:\/\/www.sigigrabner.com\/wp-content\/uploads\/2013\/04\/1Woerthersee-300x199.jpeg\" alt=\"1Woerthersee\" width=\"300\" height=\"199\" \/><\/a><\/p>\n<p>In Villach wartet schon Ina Meschik auf uns, mit selbstgemachtem Topfenstrudel \u2013 es ist die Rettung fuer 4 hungrige M\u00e4nner auf ihren Fahrraedern. Ina hat vor ein paar Tagen mit ihrem Grundausdauertraining angefangen und fragt ob sie uns ein Stueck begleiten darf &#8211; ok, sie darf .<\/p>\n<p>Wir machen Pause in Velden, von dort rollt Paco Wrolich mit uns ein St\u00fcck weiter. Und wo wartet er wohl auf uns &#8211; genau! &#8211; vor dem Schlosshotel am W\u00f6rthersee nat\u00fcrlich, mehr geht nicht.\u00a0Es ist einfach hochinteressant, mit einem erfahrenen Radrennfahrer wie Paco zu fachsimplen, sich Tipps zu holen und ein St\u00fcck im Pulk zu fahren. Wie wir so fein am S\u00fcdufer dahinradeln, passiert es! Bei Reifnitz \u00fcbersieht uns ein alter Herr in seinem Opel \u2013 wir sind 6 Radfahrer!! Und er biegt links ab \u2013 wir schlittern haarscharf an einem fatalen Sturz vorbei &#8211; Vollbremsung &#8211; superschnelle Reaktion von Paco &#8211; im letzten Moment machen er und ich nicht einen \u00dcberflieger &#8211; es ist knapp.<\/p>\n<p>N\u00e4chster Stop: der Gasthof Lausegger im Bodental. Unser \u00d6sterr. Snowboardkollege Andreas Lausegger ist hier daheim und erwartet uns zum Essen \u2013 danke Andi, es ist wieder die Rettung \uf04a Ich verschlinge einen \u00d6tzi-Eintopf und danach noch einen hausgemachten Kaiserschmarrn \u2013 gewaltig!<\/p>\n<p><a href=\"https:\/\/www.sigigrabner.com\/wp-content\/uploads\/2013\/04\/IMG_7628-edit.jpg\"><img data-aspectratio=\"300\/200\" src=\"data:image\/gif;base64,R0lGODlhAQABAIAAAAAAAP\/\/\/yH5BAEAAAAALAAAAAABAAEAAAIBRAA7\" decoding=\"async\" class=\"size-medium wp-image-340 aligncenter lazyload\" data-src=\"https:\/\/www.sigigrabner.com\/wp-content\/uploads\/2013\/04\/IMG_7628-edit-300x200.jpg\" alt=\"IMG_7628-edit\" width=\"300\" height=\"200\" \/><\/a><\/p>\n<p>Das letzte St\u00fcck geht dann hinaus ins Rosental bis Bleiburg\/Pliberk. Heute sind es 220 km, genau die Etappenlaenge, die wir uns vorgenommen haben, damit wir gut nach Sochi weiterkommen. Mit der St\u00e4rkung vom Lause und dem Topfenstrudel von der Ina kann da echt nichts mehr schiefgehen.\u00a0Das war ein intensiver, vollgef\u00fcllter Tag. Es hat mir sehr getaugt, durch meine Heimat K\u00e4rnten zu fahren, am W\u00f6rthersee entlang, in hochkar\u00e4tiger Gesellschaft, wir haben vorz\u00fcglichst gegessen, sind gesund angekommen, ein Gl\u00fcckstag eben. Danke Freunde!<\/p>\n<p>&nbsp;<\/p>\n","protected":false},"excerpt":{"rendered":"<p>220km Strecke in \u00d6sterreich,\u00a0Lienz \u2013 Villach \u2013 Velden \u2013 W\u00f6rthersee \u2013 Bodental \u2013 Bleiburg\/Pliberk Wir starten heute um 9h in Lienz vor dem SG Snowboards Firmenb\u00fcro &#8211; seit 6 Uhr auf den Beinen, nur wenig Schlaf \u2013 alles einpacken, nichts vergessen, letzter Check \u2013 RepairKit f\u00fcr das Fahrrad, Reserveschl\u00e4uche, eine zweite Laufradgarnitur, Werkzeug, gute Fahrradw\u00e4sche [&hellip;]<\/p>\n","protected":false},"author":2,"featured_media":338,"comment_status":"closed","ping_status":"open","sticky":false,"template":"","format":"standard","meta":{"_acf_changed":false,"footnotes":""},"categories":[1,41,4],"tags":[60],"class_list":["post-329","post","type-post","status-publish","format-standard","has-post-thumbnail","hentry","category-allgemein","category-archiv","category-riding-to-sochi-en","tag-riding-to-sochi"],"acf":[],"yoast_head":"<!-- This site is optimized with the Yoast SEO plugin v27.4 - https:\/\/yoast.com\/product\/yoast-seo-wordpress\/ -->\n<title>TAG 02: WETTERGL\u00dcCK UND ANDERES MEHR - Sigi Grabner<\/title>\n<meta name=\"robots\" content=\"index, follow, max-snippet:-1, max-image-preview:large, max-video-preview:-1\" \/>\n<link rel=\"canonical\" href=\"https:\/\/www.sigigrabner.com\/en\/2013\/04\/30\/tag-02-wettergluck-und-anderes-mehr\/\" \/>\n<meta property=\"og:locale\" content=\"en_US\" \/>\n<meta property=\"og:type\" content=\"article\" \/>\n<meta property=\"og:title\" content=\"TAG 02: WETTERGL\u00dcCK UND ANDERES MEHR - Sigi Grabner\" \/>\n<meta property=\"og:description\" content=\"220km Strecke in \u00d6sterreich,\u00a0Lienz \u2013 Villach \u2013 Velden \u2013 W\u00f6rthersee \u2013 Bodental \u2013 Bleiburg\/Pliberk Wir starten heute um 9h in Lienz vor dem SG Snowboards Firmenb\u00fcro &#8211; seit 6 Uhr auf den Beinen, nur wenig Schlaf \u2013 alles einpacken, nichts vergessen, letzter Check \u2013 RepairKit f\u00fcr das Fahrrad, Reserveschl\u00e4uche, eine zweite Laufradgarnitur, Werkzeug, gute Fahrradw\u00e4sche [&hellip;]\" \/>\n<meta property=\"og:url\" content=\"https:\/\/www.sigigrabner.com\/en\/2013\/04\/30\/tag-02-wettergluck-und-anderes-mehr\/\" \/>\n<meta property=\"og:site_name\" content=\"Sigi Grabner\" \/>\n<meta property=\"article:published_time\" content=\"2013-04-30T05:49:23+00:00\" \/>\n<meta property=\"article:modified_time\" content=\"2020-05-07T09:51:05+00:00\" \/>\n<meta property=\"og:image\" content=\"https:\/\/www.sigigrabner.com\/wp-content\/uploads\/IMG_7684-edit.jpg\" \/>\n\t<meta property=\"og:image:width\" content=\"1441\" \/>\n\t<meta property=\"og:image:height\" content=\"851\" \/>\n\t<meta property=\"og:image:type\" content=\"image\/jpeg\" \/>\n<meta name=\"author\" content=\"sigigrabner\" \/>\n<meta name=\"twitter:card\" content=\"summary_large_image\" \/>\n<meta name=\"twitter:label1\" content=\"Written by\" \/>\n\t<meta name=\"twitter:data1\" content=\"sigigrabner\" \/>\n\t<meta name=\"twitter:label2\" content=\"Est. reading time\" \/>\n\t<meta name=\"twitter:data2\" content=\"2 minutes\" \/>\n<script type=\"application\/ld+json\" class=\"yoast-schema-graph\">{\"@context\":\"https:\\\/\\\/schema.org\",\"@graph\":[{\"@type\":\"Article\",\"@id\":\"https:\\\/\\\/www.sigigrabner.com\\\/en\\\/2013\\\/04\\\/30\\\/tag-02-wettergluck-und-anderes-mehr\\\/#article\",\"isPartOf\":{\"@id\":\"https:\\\/\\\/www.sigigrabner.com\\\/en\\\/2013\\\/04\\\/30\\\/tag-02-wettergluck-und-anderes-mehr\\\/\"},\"author\":{\"name\":\"sigigrabner\",\"@id\":\"https:\\\/\\\/www.sigigrabner.com\\\/#\\\/schema\\\/person\\\/c22f12b4ad1dfe394f25080ecede0441\"},\"headline\":\"TAG 02: WETTERGL\u00dcCK UND ANDERES MEHR\",\"datePublished\":\"2013-04-30T05:49:23+00:00\",\"dateModified\":\"2020-05-07T09:51:05+00:00\",\"mainEntityOfPage\":{\"@id\":\"https:\\\/\\\/www.sigigrabner.com\\\/en\\\/2013\\\/04\\\/30\\\/tag-02-wettergluck-und-anderes-mehr\\\/\"},\"wordCount\":446,\"image\":{\"@id\":\"https:\\\/\\\/www.sigigrabner.com\\\/en\\\/2013\\\/04\\\/30\\\/tag-02-wettergluck-und-anderes-mehr\\\/#primaryimage\"},\"thumbnailUrl\":\"https:\\\/\\\/www.sigigrabner.com\\\/wp-content\\\/uploads\\\/IMG_7684-edit.jpg\",\"keywords\":[\"riding to sochi\"],\"articleSection\":[\"Allgemein\",\"Archive\",\"Riding To Sochi\"],\"inLanguage\":\"en-US\"},{\"@type\":\"WebPage\",\"@id\":\"https:\\\/\\\/www.sigigrabner.com\\\/en\\\/2013\\\/04\\\/30\\\/tag-02-wettergluck-und-anderes-mehr\\\/\",\"url\":\"https:\\\/\\\/www.sigigrabner.com\\\/en\\\/2013\\\/04\\\/30\\\/tag-02-wettergluck-und-anderes-mehr\\\/\",\"name\":\"TAG 02: WETTERGL\u00dcCK UND ANDERES MEHR - Sigi Grabner\",\"isPartOf\":{\"@id\":\"https:\\\/\\\/www.sigigrabner.com\\\/en\\\/#website\"},\"primaryImageOfPage\":{\"@id\":\"https:\\\/\\\/www.sigigrabner.com\\\/en\\\/2013\\\/04\\\/30\\\/tag-02-wettergluck-und-anderes-mehr\\\/#primaryimage\"},\"image\":{\"@id\":\"https:\\\/\\\/www.sigigrabner.com\\\/en\\\/2013\\\/04\\\/30\\\/tag-02-wettergluck-und-anderes-mehr\\\/#primaryimage\"},\"thumbnailUrl\":\"https:\\\/\\\/www.sigigrabner.com\\\/wp-content\\\/uploads\\\/IMG_7684-edit.jpg\",\"datePublished\":\"2013-04-30T05:49:23+00:00\",\"dateModified\":\"2020-05-07T09:51:05+00:00\",\"author\":{\"@id\":\"https:\\\/\\\/www.sigigrabner.com\\\/#\\\/schema\\\/person\\\/c22f12b4ad1dfe394f25080ecede0441\"},\"breadcrumb\":{\"@id\":\"https:\\\/\\\/www.sigigrabner.com\\\/en\\\/2013\\\/04\\\/30\\\/tag-02-wettergluck-und-anderes-mehr\\\/#breadcrumb\"},\"inLanguage\":\"en-US\",\"potentialAction\":[{\"@type\":\"ReadAction\",\"target\":[[\"https:\\\/\\\/www.sigigrabner.com\\\/en\\\/2013\\\/04\\\/30\\\/tag-02-wettergluck-und-anderes-mehr\\\/\"]]}]},{\"@type\":\"ImageObject\",\"inLanguage\":\"en-US\",\"@id\":\"https:\\\/\\\/www.sigigrabner.com\\\/en\\\/2013\\\/04\\\/30\\\/tag-02-wettergluck-und-anderes-mehr\\\/#primaryimage\",\"url\":\"https:\\\/\\\/www.sigigrabner.com\\\/wp-content\\\/uploads\\\/IMG_7684-edit.jpg\",\"contentUrl\":\"https:\\\/\\\/www.sigigrabner.com\\\/wp-content\\\/uploads\\\/IMG_7684-edit.jpg\",\"width\":1441,\"height\":851,\"caption\":\"SIGI GRABNER riding to Sochi with friends - Pic: private\"},{\"@type\":\"BreadcrumbList\",\"@id\":\"https:\\\/\\\/www.sigigrabner.com\\\/en\\\/2013\\\/04\\\/30\\\/tag-02-wettergluck-und-anderes-mehr\\\/#breadcrumb\",\"itemListElement\":[{\"@type\":\"ListItem\",\"position\":1,\"name\":\"Startseite\",\"item\":\"https:\\\/\\\/www.sigigrabner.com\\\/en\\\/\"},{\"@type\":\"ListItem\",\"position\":2,\"name\":\"TAG 02: WETTERGL\u00dcCK UND ANDERES MEHR\"}]},{\"@type\":\"WebSite\",\"@id\":\"https:\\\/\\\/www.sigigrabner.com\\\/en\\\/#website\",\"url\":\"https:\\\/\\\/www.sigigrabner.com\\\/en\\\/\",\"name\":\"Sigi Grabner\",\"description\":\"Snowboarder with passion\",\"potentialAction\":[{\"@type\":\"SearchAction\",\"target\":{\"@type\":\"EntryPoint\",\"urlTemplate\":\"https:\\\/\\\/www.sigigrabner.com\\\/en\\\/?s={search_term_string}\"},\"query-input\":{\"@type\":\"PropertyValueSpecification\",\"valueRequired\":true,\"valueName\":\"search_term_string\"}}],\"inLanguage\":\"en-US\"},{\"@type\":\"Person\",\"@id\":\"https:\\\/\\\/www.sigigrabner.com\\\/#\\\/schema\\\/person\\\/c22f12b4ad1dfe394f25080ecede0441\",\"name\":\"sigigrabner\",\"url\":\"https:\\\/\\\/www.sigigrabner.com\\\/en\\\/author\\\/sigigrabner\\\/\"}]}<\/script>\n<!-- \/ Yoast SEO plugin. -->","yoast_head_json":{"title":"TAG 02: WETTERGL\u00dcCK UND ANDERES MEHR - Sigi Grabner","robots":{"index":"index","follow":"follow","max-snippet":"max-snippet:-1","max-image-preview":"max-image-preview:large","max-video-preview":"max-video-preview:-1"},"canonical":"https:\/\/www.sigigrabner.com\/en\/2013\/04\/30\/tag-02-wettergluck-und-anderes-mehr\/","og_locale":"en_US","og_type":"article","og_title":"TAG 02: WETTERGL\u00dcCK UND ANDERES MEHR - Sigi Grabner","og_description":"220km Strecke in \u00d6sterreich,\u00a0Lienz \u2013 Villach \u2013 Velden \u2013 W\u00f6rthersee \u2013 Bodental \u2013 Bleiburg\/Pliberk Wir starten heute um 9h in Lienz vor dem SG Snowboards Firmenb\u00fcro &#8211; seit 6 Uhr auf den Beinen, nur wenig Schlaf \u2013 alles einpacken, nichts vergessen, letzter Check \u2013 RepairKit f\u00fcr das Fahrrad, Reserveschl\u00e4uche, eine zweite Laufradgarnitur, Werkzeug, gute Fahrradw\u00e4sche [&hellip;]","og_url":"https:\/\/www.sigigrabner.com\/en\/2013\/04\/30\/tag-02-wettergluck-und-anderes-mehr\/","og_site_name":"Sigi Grabner","article_published_time":"2013-04-30T05:49:23+00:00","article_modified_time":"2020-05-07T09:51:05+00:00","og_image":[{"width":1441,"height":851,"url":"https:\/\/www.sigigrabner.com\/wp-content\/uploads\/IMG_7684-edit.jpg","type":"image\/jpeg"}],"author":"sigigrabner","twitter_card":"summary_large_image","twitter_misc":{"Written by":"sigigrabner","Est. reading time":"2 minutes"},"schema":{"@context":"https:\/\/schema.org","@graph":[{"@type":"Article","@id":"https:\/\/www.sigigrabner.com\/en\/2013\/04\/30\/tag-02-wettergluck-und-anderes-mehr\/#article","isPartOf":{"@id":"https:\/\/www.sigigrabner.com\/en\/2013\/04\/30\/tag-02-wettergluck-und-anderes-mehr\/"},"author":{"name":"sigigrabner","@id":"https:\/\/www.sigigrabner.com\/#\/schema\/person\/c22f12b4ad1dfe394f25080ecede0441"},"headline":"TAG 02: WETTERGL\u00dcCK UND ANDERES MEHR","datePublished":"2013-04-30T05:49:23+00:00","dateModified":"2020-05-07T09:51:05+00:00","mainEntityOfPage":{"@id":"https:\/\/www.sigigrabner.com\/en\/2013\/04\/30\/tag-02-wettergluck-und-anderes-mehr\/"},"wordCount":446,"image":{"@id":"https:\/\/www.sigigrabner.com\/en\/2013\/04\/30\/tag-02-wettergluck-und-anderes-mehr\/#primaryimage"},"thumbnailUrl":"https:\/\/www.sigigrabner.com\/wp-content\/uploads\/IMG_7684-edit.jpg","keywords":["riding to sochi"],"articleSection":["Allgemein","Archive","Riding To Sochi"],"inLanguage":"en-US"},{"@type":"WebPage","@id":"https:\/\/www.sigigrabner.com\/en\/2013\/04\/30\/tag-02-wettergluck-und-anderes-mehr\/","url":"https:\/\/www.sigigrabner.com\/en\/2013\/04\/30\/tag-02-wettergluck-und-anderes-mehr\/","name":"TAG 02: WETTERGL\u00dcCK UND ANDERES MEHR - Sigi Grabner","isPartOf":{"@id":"https:\/\/www.sigigrabner.com\/en\/#website"},"primaryImageOfPage":{"@id":"https:\/\/www.sigigrabner.com\/en\/2013\/04\/30\/tag-02-wettergluck-und-anderes-mehr\/#primaryimage"},"image":{"@id":"https:\/\/www.sigigrabner.com\/en\/2013\/04\/30\/tag-02-wettergluck-und-anderes-mehr\/#primaryimage"},"thumbnailUrl":"https:\/\/www.sigigrabner.com\/wp-content\/uploads\/IMG_7684-edit.jpg","datePublished":"2013-04-30T05:49:23+00:00","dateModified":"2020-05-07T09:51:05+00:00","author":{"@id":"https:\/\/www.sigigrabner.com\/#\/schema\/person\/c22f12b4ad1dfe394f25080ecede0441"},"breadcrumb":{"@id":"https:\/\/www.sigigrabner.com\/en\/2013\/04\/30\/tag-02-wettergluck-und-anderes-mehr\/#breadcrumb"},"inLanguage":"en-US","potentialAction":[{"@type":"ReadAction","target":[["https:\/\/www.sigigrabner.com\/en\/2013\/04\/30\/tag-02-wettergluck-und-anderes-mehr\/"]]}]},{"@type":"ImageObject","inLanguage":"en-US","@id":"https:\/\/www.sigigrabner.com\/en\/2013\/04\/30\/tag-02-wettergluck-und-anderes-mehr\/#primaryimage","url":"https:\/\/www.sigigrabner.com\/wp-content\/uploads\/IMG_7684-edit.jpg","contentUrl":"https:\/\/www.sigigrabner.com\/wp-content\/uploads\/IMG_7684-edit.jpg","width":1441,"height":851,"caption":"SIGI GRABNER riding to Sochi with friends - Pic: private"},{"@type":"BreadcrumbList","@id":"https:\/\/www.sigigrabner.com\/en\/2013\/04\/30\/tag-02-wettergluck-und-anderes-mehr\/#breadcrumb","itemListElement":[{"@type":"ListItem","position":1,"name":"Startseite","item":"https:\/\/www.sigigrabner.com\/en\/"},{"@type":"ListItem","position":2,"name":"TAG 02: WETTERGL\u00dcCK UND ANDERES MEHR"}]},{"@type":"WebSite","@id":"https:\/\/www.sigigrabner.com\/en\/#website","url":"https:\/\/www.sigigrabner.com\/en\/","name":"Sigi Grabner","description":"Snowboarder with passion","potentialAction":[{"@type":"SearchAction","target":{"@type":"EntryPoint","urlTemplate":"https:\/\/www.sigigrabner.com\/en\/?s={search_term_string}"},"query-input":{"@type":"PropertyValueSpecification","valueRequired":true,"valueName":"search_term_string"}}],"inLanguage":"en-US"},{"@type":"Person","@id":"https:\/\/www.sigigrabner.com\/#\/schema\/person\/c22f12b4ad1dfe394f25080ecede0441","name":"sigigrabner","url":"https:\/\/www.sigigrabner.com\/en\/author\/sigigrabner\/"}]}},"_links":{"self":[{"href":"https:\/\/www.sigigrabner.com\/en\/wp-json\/wp\/v2\/posts\/329","targetHints":{"allow":["GET"]}}],"collection":[{"href":"https:\/\/www.sigigrabner.com\/en\/wp-json\/wp\/v2\/posts"}],"about":[{"href":"https:\/\/www.sigigrabner.com\/en\/wp-json\/wp\/v2\/types\/post"}],"author":[{"embeddable":true,"href":"https:\/\/www.sigigrabner.com\/en\/wp-json\/wp\/v2\/users\/2"}],"replies":[{"embeddable":true,"href":"https:\/\/www.sigigrabner.com\/en\/wp-json\/wp\/v2\/comments?post=329"}],"version-history":[{"count":3,"href":"https:\/\/www.sigigrabner.com\/en\/wp-json\/wp\/v2\/posts\/329\/revisions"}],"predecessor-version":[{"id":2107,"href":"https:\/\/www.sigigrabner.com\/en\/wp-json\/wp\/v2\/posts\/329\/revisions\/2107"}],"wp:featuredmedia":[{"embeddable":true,"href":"https:\/\/www.sigigrabner.com\/en\/wp-json\/wp\/v2\/media\/338"}],"wp:attachment":[{"href":"https:\/\/www.sigigrabner.com\/en\/wp-json\/wp\/v2\/media?parent=329"}],"wp:term":[{"taxonomy":"category","embeddable":true,"href":"https:\/\/www.sigigrabner.com\/en\/wp-json\/wp\/v2\/categories?post=329"},{"taxonomy":"post_tag","embeddable":true,"href":"https:\/\/www.sigigrabner.com\/en\/wp-json\/wp\/v2\/tags?post=329"}],"curies":[{"name":"wp","href":"https:\/\/api.w.org\/{rel}","templated":true}]}}